{"id":3692,"date":"2019-11-04T13:27:02","date_gmt":"2019-11-04T11:27:02","guid":{"rendered":"http:\/\/www.lvsada.lv\/?p=3692"},"modified":"2019-11-04T13:28:15","modified_gmt":"2019-11-04T11:28:15","slug":"04-11-preses-relize-2","status":"publish","type":"post","link":"https:\/\/www.lvsada.lv\/?p=3692","title":{"rendered":"04.11. Preses rel\u012bze"},"content":{"rendered":"<p><span style=\"font-family: arial, helvetica, sans-serif;\">04.11.2019. plkst. 13.15<\/span><\/p>\n<p style=\"text-align: center;\"><span style=\"font-family: arial, helvetica, sans-serif;\"><strong>Inform\u0101cija pla\u0161sazi\u0146as l\u012bdzek\u013ciem\u00a0<\/strong><\/span><\/p>\n<p style=\"text-align: justify;\"><span style=\"font-family: arial, helvetica, sans-serif;\">\u00a0\u00a0\u00a0\u00a0\u00a0\u00a0\u00a0 <strong>Latvijas Vesel\u012bbas un soci\u0101l\u0101s apr\u016bpes darbinieku arodbiedr\u012bbas (LVSADA) r\u012bc\u012bb\u0101 eso\u0161\u0101 inform\u0101cija liecina, ka strauji pieaug atbalsts 7. novembra protesta akcijai <\/strong><strong>pie Saeimas. <\/strong><\/span><\/p>\n<p style=\"text-align: justify;\"><span style=\"font-family: arial, helvetica, sans-serif;\">\u00a0\u00a0\u00a0\u00a0\u00a0\u00a0\u00a0\u00a0 \u0145emot v\u0113r\u0101 inform\u0101ciju, kas sa\u0146emta no LVSADA arodorganiz\u0101cij\u0101m l\u012bdz 4. novembra plkst. 12.00, akcijas atbalst\u012bt\u0101ju skaits ir p\u0101rsniedzis piecus simtus. Patlaban akt\u012bv\u0101k\u0101s \u0161aj\u0101 zi\u0146\u0101 ir B\u0113rnu kl\u012bnisk\u0101s universit\u0101tes slimn\u012bcas, Latvijas Onkolo\u0123ijas centra, Austrumu kl\u012bnisk\u0101s universit\u0101tes slimn\u012bcas kl\u012bnikas \u201cBi\u0137ernieki\u201d,\u00a0 NMPD darbinieku R\u012bgas re\u0123iona un Jelgavas slimn\u012bcas arodorganiz\u0101cijas.<\/span><\/p>\n<p style=\"text-align: justify;\"><span style=\"font-family: arial, helvetica, sans-serif;\">\u00a0\u00a0\u00a0\u00a0\u00a0\u00a0\u00a0\u00a0 <strong>LVSADA priek\u0161s\u0113d\u0113t\u0101js Valdis Keris aicina politi\u0137us to v\u0113rt\u0113t atbild\u012bgi: \u201cStrauji augo\u0161ais atbalsts protesta akcijai liecina, ka sabiedr\u012bba vairs nav gatava samierin\u0101ties ar prettiesisku vesel\u012bbas apr\u016bpes pasliktin\u0101\u0161anu. Saeimas deput\u0101tiem vajadz\u0113tu saprast, ka \u0161obr\u012bd vi\u0146i sp\u0113l\u0113jas ar uguni!\u201d<\/strong><\/span><\/p>\n<p style=\"text-align: justify;\"><span style=\"font-family: arial, helvetica, sans-serif;\">\u00a0\u00a0\u00a0\u00a0\u00a0<\/span><\/p>\n<p><span style=\"font-family: arial, helvetica, sans-serif; font-size: 10pt;\">\u00a0\u00a0\u00a0\u00a0\u00a0\u00a0\u00a0 \u00a0\u00a0\u00a0\u00a0\u00a0\u00a0\u00a0\u00a0\u00a0\u00a0\u00a0\u00a0\u00a0\u00a0\u00a0\u00a0\u00a0\u00a0\u00a0\u00a0\u00a0\u00a0\u00a0\u00a0\u00a0\u00a0\u00a0\u00a0\u00a0\u00a0\u00a0\u00a0\u00a0\u00a0\u00a0\u00a0\u00a0\u00a0\u00a0\u00a0\u00a0\u00a0\u00a0\u00a0\u00a0\u00a0\u00a0\u00a0\u00a0\u00a0\u00a0\u00a0\u00a0\u00a0\u00a0\u00a0\u00a0\u00a0\u00a0\u00a0\u00a0\u00a0\u00a0\u00a0\u00a0\u00a0\u00a0\u00a0\u00a0\u00a0\u00a0\u00a0\u00a0\u00a0\u00a0\u00a0\u00a0\u00a0\u00a0\u00a0\u00a0\u00a0\u00a0\u00a0\u00a0\u00a0\u00a0\u00a0\u00a0\u00a0\u00a0\u00a0\u00a0\u00a0\u00a0\u00a0\u00a0\u00a0\u00a0\u00a0\u00a0\u00a0\u00a0\u00a0\u00a0\u00a0\u00a0\u00a0\u00a0\u00a0\u00a0\u00a0\u00a0\u00a0\u00a0\u00a0\u00a0\u00a0\u00a0\u00a0<\/span><\/p>\n<p><span style=\"font-family: arial, helvetica, sans-serif; font-size: 10pt;\">Inform\u0101ciju sagatavoja LVSADA darba koordin\u0113t\u0101ja Inga Rudz\u012bte (tel. 67847300).<\/span><\/p>\n<p><span style=\"font-family: arial, helvetica, sans-serif; font-size: 10pt;\">2019. gada 4. novembr\u012b<\/span><\/p>\n","protected":false},"excerpt":{"rendered":"<p>04.11.2019. plkst. 13.15 Inform\u0101cija pla\u0161sazi\u0146as l\u012bdzek\u013ciem\u00a0 \u00a0\u00a0\u00a0\u00a0\u00a0\u00a0\u00a0 Latvijas Vesel\u012bbas un soci\u0101l\u0101s apr\u016bpes darbinieku arodbiedr\u012bbas (LVSADA) r\u012bc\u012bb\u0101 eso\u0161\u0101 inform\u0101cija liecina, ka strauji pieaug atbalsts 7. novembra protesta akcijai pie Saeimas. \u00a0\u00a0\u00a0\u00a0\u00a0\u00a0\u00a0\u00a0 \u0145emot v\u0113r\u0101 inform\u0101ciju, kas sa\u0146emta no LVSADA arodorganiz\u0101cij\u0101m l\u012bdz 4. novembra plkst. 12.00, akcijas atbalst\u012bt\u0101ju skaits ir p\u0101rsniedzis piecus simtus. Patlaban akt\u012bv\u0101k\u0101s \u0161aj\u0101 zi\u0146\u0101 ir&#8230;<\/p>\n","protected":false},"author":1,"featured_media":0,"comment_status":"closed","ping_status":"closed","sticky":false,"template":"","format":"standard","meta":{"footnotes":""},"categories":[4],"tags":[],"class_list":["post-3692","post","type-post","status-publish","format-standard","hentry","category-4"],"_links":{"self":[{"href":"https:\/\/www.lvsada.lv\/index.php?rest_route=\/wp\/v2\/posts\/3692","targetHints":{"allow":["GET"]}}],"collection":[{"href":"https:\/\/www.lvsada.lv\/index.php?rest_route=\/wp\/v2\/posts"}],"about":[{"href":"https:\/\/www.lvsada.lv\/index.php?rest_route=\/wp\/v2\/types\/post"}],"author":[{"embeddable":true,"href":"https:\/\/www.lvsada.lv\/index.php?rest_route=\/wp\/v2\/users\/1"}],"replies":[{"embeddable":true,"href":"https:\/\/www.lvsada.lv\/index.php?rest_route=%2Fwp%2Fv2%2Fcomments&post=3692"}],"version-history":[{"count":3,"href":"https:\/\/www.lvsada.lv\/index.php?rest_route=\/wp\/v2\/posts\/3692\/revisions"}],"predecessor-version":[{"id":3695,"href":"https:\/\/www.lvsada.lv\/index.php?rest_route=\/wp\/v2\/posts\/3692\/revisions\/3695"}],"wp:attachment":[{"href":"https:\/\/www.lvsada.lv\/index.php?rest_route=%2Fwp%2Fv2%2Fmedia&parent=3692"}],"wp:term":[{"taxonomy":"category","embeddable":true,"href":"https:\/\/www.lvsada.lv\/index.php?rest_route=%2Fwp%2Fv2%2Fcategories&post=3692"},{"taxonomy":"post_tag","embeddable":true,"href":"https:\/\/www.lvsada.lv\/index.php?rest_route=%2Fwp%2Fv2%2Ftags&post=3692"}],"curies":[{"name":"wp","href":"https:\/\/api.w.org\/{rel}","templated":true}]}}