{"id":5013,"date":"2025-04-15T09:53:40","date_gmt":"2025-04-15T06:53:40","guid":{"rendered":"https:\/\/www.lvsada.lv\/?p=5013"},"modified":"2025-08-18T11:25:06","modified_gmt":"2025-08-18T08:25:06","slug":"15-04-preses-relize","status":"publish","type":"post","link":"https:\/\/www.lvsada.lv\/?p=5013","title":{"rendered":"15.04. Preses rel\u012bze"},"content":{"rendered":"\n<p class=\"has-text-align-center\"><strong>Inform\u0101cija pla\u0161sazi\u0146as l\u012bdzek\u013ciem<\/strong><\/p>\n\n\n\n<p class=\"has-black-color has-text-color has-link-color wp-elements-aaaac89d2a8aa9f0f7bc29fbab78fa14\"><a><strong><font dir=\"auto\" style=\"vertical-align: inherit;\"><\/font><font dir=\"auto\" style=\"vertical-align: inherit;\">Latvijas Vesel\u012bbas un soci\u0101l\u0101s apr\u016bpes darbinieku arodbiedr\u012bba (LVSADA) piektdien, 11. apr\u012bl\u012b, starptautisk\u0101 konference R\u012bg\u0101 pauda satraukumu par vald\u012bbas nev\u0113l\u0113\u0161anos r\u012bkoties, lai veicin\u0101tu iedz\u012bvot\u0101ju vienl\u012bdz\u012bbu un savlaic\u012bgumu kvalitat\u012bvai vesel\u012bbas apr\u016bpei.<\/font><\/strong><\/a><\/p>\n\n\n\n<p><font dir=\"auto\" style=\"vertical-align: inherit;\"><\/font><font dir=\"auto\" style=\"vertical-align: inherit;\"><\/font><font dir=\"auto\" style=\"vertical-align: inherit;\">Konference par vesel\u012bbas apr\u016bpes cilv\u0113kresursu kr\u012bzi r\u012bkoja Vesel\u012bbas ministrija. Atkl\u0101jot konferenci ar video uzrunu, Ministru prezidente Evika Sili\u0146a, ka visi nozares darbinieks ir neatsverama v\u0113rt\u012bba, un cilv\u0113kresursu tr\u016bkums vesel\u012bbas jom\u0101 ir viens no liel\u0101kajiem izaicin\u0101jumiem. VM m\u0101jas lapa (<\/font><a href=\"https:\/\/www.vm.gov.lv\"><font dir=\"auto\" style=\"vertical-align: inherit;\"><\/font><font dir=\"auto\" style=\"vertical-align: inherit;\"><\/font><font dir=\"auto\" style=\"vertical-align: inherit;\"><\/font><font dir=\"auto\" style=\"vertical-align: inherit;\">https:\/\/www.vm.gov.lv<\/font><\/a><font dir=\"auto\" style=\"vertical-align: inherit;\"><\/font><font dir=\"auto\" style=\"vertical-align: inherit;\"><\/font><font dir=\"auto\" style=\"vertical-align: inherit;\"><\/font><font dir=\"auto\" style=\"vertical-align: inherit;\">) cit\u0113 E. Sili\u0146u: \u201cTikko s\u0101ka str\u0101d\u0101t \u0161\u012b vald\u012bba, vesel\u012bba bija pirm\u0101 bud\u017eeta priorit\u0101te, un m\u0113s neesam aizmirsu\u0161i.\u201d<\/font><\/p>\n\n\n\n<p><font dir=\"auto\" style=\"vertical-align: inherit;\"><\/font><font dir=\"auto\" style=\"vertical-align: inherit;\"><\/font><font dir=\"auto\" style=\"vertical-align: inherit;\">LVSADA atkl\u0101ja konferences dal\u012bbniekiem, ka \u0161odienas realit\u0101te ir pavisam cit\u0101da, jo<\/font><strong> <\/strong><font dir=\"auto\" style=\"vertical-align: inherit;\"><\/font><font dir=\"auto\" style=\"vertical-align: inherit;\"><\/font><font dir=\"auto\" style=\"vertical-align: inherit;\"><\/font><font dir=\"auto\" style=\"vertical-align: inherit;\">starp vald\u012bbas darba priorit\u0101t\u0113m 2025. gad\u0101 navusies vieta valsts iedz\u012bvot\u0101ju vesel\u012bbas apr\u016bpei. L\u012bdz ar to, valsts finans\u0113jums vesel\u012bbas apr\u016bpei 2025. gad\u0101 ir vair\u0101k maz\u0101ks, nek\u0101 Sabiedr\u012bbas vesel\u012bbas pamatnost\u0101dn\u0113s 2021. \u2013 2027. gadam paredz\u0113ts; darba samaksas pieauguma nozares valsts sektora darbiniekiem nav pl\u0101nots.<\/font><\/p>\n\n\n\n<p><font dir=\"auto\" style=\"vertical-align: inherit;\"><\/font><font dir=\"auto\" style=\"vertical-align: inherit;\">LVSADA skaidroja, ka vald\u012bbas vald\u012bbas attieksme ir kras\u0101 pret ar to, ko prasa valsts dro\u0161\u012bbas stiprin\u0101\u0161ana, k\u0101 ar\u012b jaun\u0101kais Eiropas Komisijas zi\u0146ojums par Latviju (2024 Country Report \u2013 Latvia. Brussels, 19.6.2024, SWD(2024) 614 final) un nesenais Ekonomisk\u0101s sadarb\u012bbas un att\u012bst\u012bbas organiz\u0101cijas (OECD) Parisbli2, OECD Publi22 Latvia, Economics apskats2 Sursh Latviju (OECD). No abiem dokumentiem var secin\u0101t, ka:<\/font><\/p>\n\n\n\n<ol class=\"wp-block-list\">\n<li>Latvijas iedz\u012bvot\u0101ju skaits strauji sar\u016bk;<\/li>\n\n\n\n<li>to veicina zemie vald\u012bbas izdevumi vesel\u012bbas apr\u016bpei un kvalific\u0113ta medic\u012bnisk\u0101 person\u0101la tr\u016bkums;<\/li>\n\n\n\n<li>vald\u012bbas finans\u0113jums vesel\u012bbas apr\u016bpei k\u0101 da\u013ca no iek\u0161zemes kopprodukta ir stagn\u0113jo\u0161s;<\/li>\n\n\n\n<li>galvenais c\u0113lonis ilgsto\u0161ajam cilv\u0113kresursu tr\u016bkumam vesel\u012bbas apr\u016bpes valsts sektor\u0101 ir zem\u0101 darba samaksa.<\/li>\n<\/ol>\n\n\n\n<p><strong><font dir=\"auto\" style=\"vertical-align: inherit;\"><\/font><font dir=\"auto\" style=\"vertical-align: inherit;\">Lai situ\u0101ciju labotu, <\/font><\/strong> <strong><font dir=\"auto\" style=\"vertical-align: inherit;\"><\/font><font dir=\"auto\" style=\"vertical-align: inherit;\">LVSADA rosina iev\u0113rojami palielin\u0101ja valsts finans\u0113jumu vesel\u012bbas apr\u016bpei un liel\u0101kas nozares darbinieku atalgojumu. LVSADA priek\u0161s\u0113d\u0113t\u0101js Valdis Keris aicina saprast, ka ne jau velti Pasaules Vesel\u012bbas organiz\u0101cijas Eiropas re\u0123ion\u0101lais direktors Hanss Kluge ( <\/font><em><font dir=\"auto\" style=\"vertical-align: inherit;\"><\/font><font dir=\"auto\" style=\"vertical-align: inherit;\">Hans Kluge<\/font><\/em><font dir=\"auto\" style=\"vertical-align: inherit;\"><\/font><font dir=\"auto\" style=\"vertical-align: inherit;\"> ) konferences ievad\u0101 nepiecie\u0161ams, ka \u201cdarbinieki ir vesel\u012bbas apr\u016bpes pamats, t\u0101p\u0113c invest\u012bcijas vi\u0146os un invest\u012bcijas n\u0101kotn\u0113 m\u016bsu\u201d.<\/font><\/strong><\/p>\n\n\n\n<p><font dir=\"auto\" style=\"vertical-align: inherit;\"><\/font><font dir=\"auto\" style=\"vertical-align: inherit;\">Inform\u0101ciju sagatavoja LVSADA darba koordin\u0113t\u0101ja Inga Rudz\u012bte (t\u0101lr. 67847300).<\/font><\/p>\n\n\n\n<p><\/p>\n\n\n\n<p>2025. gada 15. apr\u012bl\u012b<\/p>\n","protected":false},"excerpt":{"rendered":"<p>Inform\u0101cija pla\u0161sazi\u0146as l\u012bdzek\u013ciem Latvijas Vesel\u012bbas un soci\u0101l\u0101s apr\u016bpes darbinieku arodbiedr\u012bba (LVSADA) piektdien, 11. apr\u012bl\u012b, starptautisk\u0101 konference R\u012bg\u0101 pauda satraukumu par vald\u012bbas nev\u0113l\u0113\u0161anos r\u012bkoties, lai veicin\u0101tu iedz\u012bvot\u0101ju vienl\u012bdz\u012bbu un savlaic\u012bgumu kvalitat\u012bvai vesel\u012bbas apr\u016bpei. Konference par vesel\u012bbas apr\u016bpes cilv\u0113kresursu kr\u012bzi r\u012bkoja Vesel\u012bbas ministrija. Atkl\u0101jot konferenci ar video uzrunu, Ministru prezidente Evika Sili\u0146a, ka visi nozares darbinieks ir&#8230;<\/p>\n","protected":false},"author":1,"featured_media":0,"comment_status":"closed","ping_status":"closed","sticky":false,"template":"","format":"standard","meta":{"footnotes":""},"categories":[4],"tags":[],"class_list":["post-5013","post","type-post","status-publish","format-standard","hentry","category-4"],"_links":{"self":[{"href":"https:\/\/www.lvsada.lv\/index.php?rest_route=\/wp\/v2\/posts\/5013","targetHints":{"allow":["GET"]}}],"collection":[{"href":"https:\/\/www.lvsada.lv\/index.php?rest_route=\/wp\/v2\/posts"}],"about":[{"href":"https:\/\/www.lvsada.lv\/index.php?rest_route=\/wp\/v2\/types\/post"}],"author":[{"embeddable":true,"href":"https:\/\/www.lvsada.lv\/index.php?rest_route=\/wp\/v2\/users\/1"}],"replies":[{"embeddable":true,"href":"https:\/\/www.lvsada.lv\/index.php?rest_route=%2Fwp%2Fv2%2Fcomments&post=5013"}],"version-history":[{"count":6,"href":"https:\/\/www.lvsada.lv\/index.php?rest_route=\/wp\/v2\/posts\/5013\/revisions"}],"predecessor-version":[{"id":5078,"href":"https:\/\/www.lvsada.lv\/index.php?rest_route=\/wp\/v2\/posts\/5013\/revisions\/5078"}],"wp:attachment":[{"href":"https:\/\/www.lvsada.lv\/index.php?rest_route=%2Fwp%2Fv2%2Fmedia&parent=5013"}],"wp:term":[{"taxonomy":"category","embeddable":true,"href":"https:\/\/www.lvsada.lv\/index.php?rest_route=%2Fwp%2Fv2%2Fcategories&post=5013"},{"taxonomy":"post_tag","embeddable":true,"href":"https:\/\/www.lvsada.lv\/index.php?rest_route=%2Fwp%2Fv2%2Ftags&post=5013"}],"curies":[{"name":"wp","href":"https:\/\/api.w.org\/{rel}","templated":true}]}}